{"id":548,"date":"2020-11-29T12:04:02","date_gmt":"2020-11-29T11:04:02","guid":{"rendered":"https:\/\/cv-markneukirchen.de\/wp\/?p=548"},"modified":"2022-11-28T22:40:45","modified_gmt":"2022-11-28T21:40:45","slug":"termine-allgemein","status":"publish","type":"post","link":"https:\/\/cv-markneukirchen.de\/wp\/?p=548","title":{"rendered":"Termine allgemein"},"content":{"rendered":"<p><strong>Folgende Veranstaltungen finden regelm\u00e4\u00dfig statt:<\/strong><\/p>\n<table style=\"width: 100%; height: 384px;\">\n<tbody>\n<tr style=\"height: 184px;\">\n<td style=\"height: 184px;\"><b>Predigt<\/b><\/td>\n<td style=\"height: 184px;\">Sonntags<br \/>\nab 9:30 Uhr &#8211; 1. Stunde Anbetungsstunde &#8211; Mahl des Herrn<br \/>\nab: 10.30 Uhr &#8211; 2. Stunde Verk\u00fcndigung und parallel Kinderstunde<\/td>\n<\/tr>\n<tr style=\"height: 24px;\">\n<td style=\"height: 24px;\"><\/td>\n<\/tr>\n<tr style=\"height: 44px;\">\n<td style=\"height: 44px;\" width=\"250\"><b>Bibelgespr\u00e4chskreis<\/b><\/td>\n<td style=\"height: 44px;\">Mittwochs ab: 19.30 Uhr<br \/>\nmit anschlie\u00dfender Gebetsgemeinschaft<\/td>\n<\/tr>\n<tr style=\"height: 24px;\">\n<td style=\"height: 24px;\"><\/td>\n<\/tr>\n<tr style=\"height: 84px;\">\n<td style=\"height: 84px;\"><b>Sport\u00a0<\/b><\/td>\n<td style=\"height: 84px;\">Normalerweise<\/p>\n<p>14 t\u00e4gig Freitags von 17.00 bis 19.00 Uhr<br \/>\nim Sommer auf dem Sportplatz in Breitenfeld und sonst in der neuen Turnhalle bei der Umgehungsstra\u00dfe.<\/td>\n<\/tr>\n<tr style=\"height: 24px;\">\n<td style=\"height: 24px;\"><\/td>\n<\/tr>\n<\/tbody>\n<\/table>\n<h3><\/h3>\n","protected":false},"excerpt":{"rendered":"<p>Folgende Veranstaltungen finden regelm\u00e4\u00dfig statt: Predigt Sonntags ab 9:30 Uhr &#8211; 1. Stunde Anbetungsstunde &#8211; Mahl des Herrn ab: 10.30 Uhr &#8211; 2. Stunde Verk\u00fcndigung und parallel Kinderstunde Bibelgespr\u00e4chskreis Mittwochs ab: 19.30 Uhr mit anschlie\u00dfender Gebetsgemeinschaft Sport\u00a0 Normalerweise 14 t\u00e4gig Freitags von 17.00 bis 19.00 Uhr im Sommer auf dem Sportplatz in Breitenfeld und sonst in der neuen Turnhalle bei der Umgehungsstra\u00dfe.<\/p>\n","protected":false},"author":1,"featured_media":569,"comment_status":"closed","ping_status":"closed","sticky":false,"template":"","format":"standard","meta":{"footnotes":""},"categories":[3],"tags":[],"class_list":["post-548","post","type-post","status-publish","format-standard","has-post-thumbnail","hentry","category-termine"],"aioseo_notices":[],"acf":[],"_links":{"self":[{"href":"https:\/\/cv-markneukirchen.de\/wp\/index.php?rest_route=\/wp\/v2\/posts\/548","targetHints":{"allow":["GET"]}}],"collection":[{"href":"https:\/\/cv-markneukirchen.de\/wp\/index.php?rest_route=\/wp\/v2\/posts"}],"about":[{"href":"https:\/\/cv-markneukirchen.de\/wp\/index.php?rest_route=\/wp\/v2\/types\/post"}],"author":[{"embeddable":true,"href":"https:\/\/cv-markneukirchen.de\/wp\/index.php?rest_route=\/wp\/v2\/users\/1"}],"replies":[{"embeddable":true,"href":"https:\/\/cv-markneukirchen.de\/wp\/index.php?rest_route=%2Fwp%2Fv2%2Fcomments&post=548"}],"version-history":[{"count":7,"href":"https:\/\/cv-markneukirchen.de\/wp\/index.php?rest_route=\/wp\/v2\/posts\/548\/revisions"}],"predecessor-version":[{"id":668,"href":"https:\/\/cv-markneukirchen.de\/wp\/index.php?rest_route=\/wp\/v2\/posts\/548\/revisions\/668"}],"wp:featuredmedia":[{"embeddable":true,"href":"https:\/\/cv-markneukirchen.de\/wp\/index.php?rest_route=\/wp\/v2\/media\/569"}],"wp:attachment":[{"href":"https:\/\/cv-markneukirchen.de\/wp\/index.php?rest_route=%2Fwp%2Fv2%2Fmedia&parent=548"}],"wp:term":[{"taxonomy":"category","embeddable":true,"href":"https:\/\/cv-markneukirchen.de\/wp\/index.php?rest_route=%2Fwp%2Fv2%2Fcategories&post=548"},{"taxonomy":"post_tag","embeddable":true,"href":"https:\/\/cv-markneukirchen.de\/wp\/index.php?rest_route=%2Fwp%2Fv2%2Ftags&post=548"}],"curies":[{"name":"wp","href":"https:\/\/api.w.org\/{rel}","templated":true}]}}